{"id":442,"date":"2025-01-20T21:40:45","date_gmt":"2025-01-20T18:40:45","guid":{"rendered":"https:\/\/photographermarbellagala.com\/?p=442"},"modified":"2025-07-15T20:21:32","modified_gmt":"2025-07-15T17:21:32","slug":"wedding-photographer-in-marbella","status":"publish","type":"post","link":"https:\/\/photographermarbellagala.com\/es\/wedding-photographer-in-marbella\/","title":{"rendered":"WEDDING PHOTOGRAPHER IN MARBELLA"},"content":{"rendered":"","protected":false},"excerpt":{"rendered":"","protected":false},"author":2,"featured_media":0,"comment_status":"open","ping_status":"open","sticky":false,"template":"album.php","format":"standard","meta":{"_acf_changed":false,"footnotes":""},"categories":[2],"tags":[],"class_list":["post-442","post","type-post","status-publish","format-standard","hentry","category-galleries"],"acf":[],"yoast_head":"<!-- This site is optimized with the Yoast SEO plugin v27.4 - https:\/\/yoast.com\/product\/yoast-seo-wordpress\/ -->\n<title>WEDDING PHOTOGRAPHER IN MARBELLA - Gala Photography<\/title>\n<meta name=\"description\" content=\"Wedding Photographer in Marbella, Malaga - Costa del Sol \ud83d\udcf8 Book you dream photo shoot by Gala Photography.\" \/>\n<meta name=\"robots\" content=\"index, follow, max-snippet:-1, max-image-preview:large, max-video-preview:-1\" \/>\n<link rel=\"canonical\" href=\"https:\/\/photographermarbellagala.com\/es%5B:en%5D\/wedding-photographer-in-marbella\/%5B:%5D\" \/>\n<meta property=\"og:locale\" content=\"es_ES\" \/>\n<meta property=\"og:locale:alternate\" content=\"en_ES\" \/>\n<meta property=\"og:locale:alternate\" content=\"ru_ES\" \/>\n<meta property=\"og:type\" content=\"article\" \/>\n<meta property=\"og:title\" content=\"WEDDING PHOTOGRAPHER IN MARBELLA\" \/>\n<meta property=\"og:description\" content=\"Wedding Photographer in Marbella, Malaga - Costa del Sol \ud83d\udcf8 Book you dream photo shoot by Gala Photography.\" \/>\n<meta property=\"og:url\" content=\"https:\/\/photographermarbellagala.com\/es\/wedding-photographer-in-marbella\/\" \/>\n<meta property=\"og:site_name\" content=\"Fot\u00f3grafo Marbella Gala - Costa del Sol, Fotograf\u00eda M\u00e1laga\" \/>\n<meta property=\"article:published_time\" content=\"2025-01-20T18:40:45+00:00\" \/>\n<meta property=\"article:modified_time\" content=\"2025-07-15T17:21:32+00:00\" \/>\n<meta property=\"og:image\" content=\"https:\/\/photographermarbellagala.com\/wp-content\/uploads\/2025\/01\/DSC_0022.jpg\" \/>\n\t<meta property=\"og:image:width\" content=\"2500\" \/>\n\t<meta property=\"og:image:height\" content=\"1669\" \/>\n\t<meta property=\"og:image:type\" content=\"image\/jpeg\" \/>\n<meta name=\"author\" content=\"admin_site\" \/>\n<meta name=\"twitter:card\" content=\"summary_large_image\" \/>\n<script type=\"application\/ld+json\" class=\"yoast-schema-graph\">{\"@context\":\"https:\\\/\\\/schema.org\",\"@graph\":[{\"@type\":\"Article\",\"@id\":\"https:\\\/\\\/photographermarbellagala.com\\\/wedding-photographer-in-marbella\\\/\",\"isPartOf\":{\"@id\":\"https:\\\/\\\/photographermarbellagala.com\\\/wedding-photographer-in-marbella\\\/\"},\"author\":{\"name\":\"admin_site\",\"@id\":\"https:\\\/\\\/photographermarbellagala.com\\\/#\\\/schema\\\/person\\\/f7f4512fe5e8fda3ac32e4f0ad7fbf06\"},\"headline\":\"WEDDING PHOTOGRAPHER IN MARBELLA\",\"datePublished\":\"2025-01-20T18:40:45+00:00\",\"dateModified\":\"2025-07-15T17:21:32+00:00\",\"mainEntityOfPage\":{\"@id\":\"https:\\\/\\\/photographermarbellagala.com\\\/wedding-photographer-in-marbella\\\/\"},\"wordCount\":5,\"commentCount\":0,\"publisher\":{\"@id\":\"https:\\\/\\\/photographermarbellagala.com\\\/#organization\"},\"articleSection\":[\"Galleries\"],\"inLanguage\":\"es-ES\",\"potentialAction\":[{\"@type\":\"CommentAction\",\"name\":\"Comment\",\"target\":[\"https:\\\/\\\/photographermarbellagala.com\\\/wedding-photographer-in-marbella\\\/\"]}]},{\"@type\":\"WebPage\",\"@id\":\"https:\\\/\\\/photographermarbellagala.com\\\/wedding-photographer-in-marbella\\\/\",\"url\":\"https:\\\/\\\/photographermarbellagala.com\\\/wedding-photographer-in-marbella\\\/\",\"name\":\"WEDDING PHOTOGRAPHER IN MARBELLA\",\"isPartOf\":{\"@id\":\"https:\\\/\\\/photographermarbellagala.com\\\/#website\"},\"datePublished\":\"2025-01-20T18:40:45+00:00\",\"dateModified\":\"2025-07-15T17:21:32+00:00\",\"description\":\"Wedding Photographer in Marbella, Malaga - Costa del Sol \ud83d\udcf8 Book you dream photo shoot by Gala Photography.\",\"breadcrumb\":{\"@id\":\"https:\\\/\\\/photographermarbellagala.com\\\/wedding-photographer-in-marbella\\\/\"},\"inLanguage\":\"es-ES\",\"potentialAction\":[{\"@type\":\"ReadAction\",\"target\":[\"https:\\\/\\\/photographermarbellagala.com\\\/wedding-photographer-in-marbella\\\/\"]}]},{\"@type\":\"BreadcrumbList\",\"@id\":\"https:\\\/\\\/photographermarbellagala.com\\\/wedding-photographer-in-marbella\\\/\",\"itemListElement\":[{\"@type\":\"ListItem\",\"position\":1,\"name\":\"\u0413\u043b\u0430\u0432\u043d\u0430\u044f \u0441\u0442\u0440\u0430\u043d\u0438\u0446\u0430\",\"item\":\"https:\\\/\\\/photographermarbellagala.com\\\/\"},{\"@type\":\"ListItem\",\"position\":2,\"name\":\"WEDDING PHOTOGRAPHER IN MARBELLA\"}]},{\"@type\":\"WebSite\",\"@id\":\"https:\\\/\\\/photographermarbellagala.com\\\/#website\",\"url\":\"https:\\\/\\\/photographermarbellagala.com\\\/\",\"name\":\"Photographer Marbella Gala - Costa del Sol, Malaga Photography\",\"description\":\"Professional Photographer in Marbella, Malaga - Costa del Sol \ud83d\udcf8 Book you dream photo shoot by Gala Photography. Family, Wedding photographer\",\"publisher\":{\"@id\":\"https:\\\/\\\/photographermarbellagala.com\\\/#organization\"},\"alternateName\":\"Photographer Marbella Gala - Costa del Sol, Malaga Photography\",\"potentialAction\":[{\"@type\":\"SearchAction\",\"target\":{\"@type\":\"EntryPoint\",\"urlTemplate\":\"https:\\\/\\\/photographermarbellagala.com\\\/?s={search_term_string}\"},\"query-input\":{\"@type\":\"PropertyValueSpecification\",\"valueRequired\":true,\"valueName\":\"search_term_string\"}}],\"inLanguage\":\"es-ES\"},{\"@type\":\"Organization\",\"@id\":\"https:\\\/\\\/photographermarbellagala.com\\\/#organization\",\"name\":\"Photographer Marbella Gala - Costa del Sol, Malaga Photography\",\"url\":\"https:\\\/\\\/photographermarbellagala.com\\\/\",\"logo\":{\"@type\":\"ImageObject\",\"inLanguage\":\"es-ES\",\"@id\":\"https:\\\/\\\/photographermarbellagala.com\\\/#\\\/schema\\\/logo\\\/image\\\/\",\"url\":\"https:\\\/\\\/photographermarbellagala.com\\\/wp-content\\\/uploads\\\/2026\\\/03\\\/marbella-photographer.png\",\"contentUrl\":\"https:\\\/\\\/photographermarbellagala.com\\\/wp-content\\\/uploads\\\/2026\\\/03\\\/marbella-photographer.png\",\"width\":1536,\"height\":1024,\"caption\":\"Photographer Marbella Gala - Costa del Sol, Malaga Photography\"},\"image\":{\"@id\":\"https:\\\/\\\/photographermarbellagala.com\\\/#\\\/schema\\\/logo\\\/image\\\/\"}},{\"@type\":\"Person\",\"@id\":\"https:\\\/\\\/photographermarbellagala.com\\\/#\\\/schema\\\/person\\\/f7f4512fe5e8fda3ac32e4f0ad7fbf06\",\"name\":\"admin_site\",\"image\":{\"@type\":\"ImageObject\",\"inLanguage\":\"es-ES\",\"@id\":\"https:\\\/\\\/secure.gravatar.com\\\/avatar\\\/8c0dcdde78856608530c224f284b2cd36702cd46470cb7428674cbc723ed731b?s=96&d=mm&r=g\",\"url\":\"https:\\\/\\\/secure.gravatar.com\\\/avatar\\\/8c0dcdde78856608530c224f284b2cd36702cd46470cb7428674cbc723ed731b?s=96&d=mm&r=g\",\"contentUrl\":\"https:\\\/\\\/secure.gravatar.com\\\/avatar\\\/8c0dcdde78856608530c224f284b2cd36702cd46470cb7428674cbc723ed731b?s=96&d=mm&r=g\",\"caption\":\"admin_site\"},\"url\":\"https:\\\/\\\/photographermarbellagala.com\\\/es\\\/author\\\/admin_site\\\/\"}]}<\/script>\n<!-- \/ Yoast SEO plugin. -->","yoast_head_json":{"title":"WEDDING PHOTOGRAPHER IN MARBELLA - Gala Photography","description":"Wedding Photographer in Marbella, Malaga - Costa del Sol \ud83d\udcf8 Book you dream photo shoot by Gala Photography.","robots":{"index":"index","follow":"follow","max-snippet":"max-snippet:-1","max-image-preview":"max-image-preview:large","max-video-preview":"max-video-preview:-1"},"canonical":"https:\/\/photographermarbellagala.com\/es[:en]\/wedding-photographer-in-marbella\/[:]","og_locale":"es_ES","og_type":"article","og_title":"[:en][:en]WEDDING PHOTOGRAPHER IN MARBELLA[:] - Gala Photography[:]","og_description":"[:en]Wedding Photographer in Marbella, Malaga - Costa del Sol \ud83d\udcf8 Book you dream photo shoot by Gala Photography.[:]","og_url":"https:\/\/photographermarbellagala.com\/es\/wedding-photographer-in-marbella\/","og_site_name":"Fot\u00f3grafo Marbella Gala - Costa del Sol, Fotograf\u00eda M\u00e1laga","article_published_time":"2025-01-20T18:40:45+00:00","article_modified_time":"2025-07-15T17:21:32+00:00","og_image":[{"width":2500,"height":1669,"url":"https:\/\/photographermarbellagala.com\/wp-content\/uploads\/2025\/01\/DSC_0022.jpg","type":"image\/jpeg"}],"author":"admin_site","twitter_card":"summary_large_image","schema":{"@context":"https:\/\/schema.org","@graph":[{"@type":"Article","@id":"https:\/\/photographermarbellagala.com\/wedding-photographer-in-marbella\/","isPartOf":{"@id":"https:\/\/photographermarbellagala.com\/wedding-photographer-in-marbella\/"},"author":{"name":"admin_site","@id":"https:\/\/photographermarbellagala.com\/#\/schema\/person\/f7f4512fe5e8fda3ac32e4f0ad7fbf06"},"headline":"WEDDING PHOTOGRAPHER IN MARBELLA","datePublished":"2025-01-20T18:40:45+00:00","dateModified":"2025-07-15T17:21:32+00:00","mainEntityOfPage":{"@id":"https:\/\/photographermarbellagala.com\/wedding-photographer-in-marbella\/"},"wordCount":5,"commentCount":0,"publisher":{"@id":"https:\/\/photographermarbellagala.com\/#organization"},"articleSection":["Galleries"],"inLanguage":"es-ES","potentialAction":[{"@type":"CommentAction","name":"Comment","target":["https:\/\/photographermarbellagala.com\/wedding-photographer-in-marbella\/"]}]},{"@type":"WebPage","@id":"https:\/\/photographermarbellagala.com\/wedding-photographer-in-marbella\/","url":"https:\/\/photographermarbellagala.com\/wedding-photographer-in-marbella\/","name":"WEDDING PHOTOGRAPHER IN MARBELLA","isPartOf":{"@id":"https:\/\/photographermarbellagala.com\/#website"},"datePublished":"2025-01-20T18:40:45+00:00","dateModified":"2025-07-15T17:21:32+00:00","description":"Wedding Photographer in Marbella, Malaga - Costa del Sol \ud83d\udcf8 Book you dream photo shoot by Gala Photography.","breadcrumb":{"@id":"https:\/\/photographermarbellagala.com\/wedding-photographer-in-marbella\/"},"inLanguage":"es-ES","potentialAction":[{"@type":"ReadAction","target":["https:\/\/photographermarbellagala.com\/wedding-photographer-in-marbella\/"]}]},{"@type":"BreadcrumbList","@id":"https:\/\/photographermarbellagala.com\/wedding-photographer-in-marbella\/","itemListElement":[{"@type":"ListItem","position":1,"name":"\u0413\u043b\u0430\u0432\u043d\u0430\u044f \u0441\u0442\u0440\u0430\u043d\u0438\u0446\u0430","item":"https:\/\/photographermarbellagala.com\/"},{"@type":"ListItem","position":2,"name":"WEDDING PHOTOGRAPHER IN MARBELLA"}]},{"@type":"WebSite","@id":"https:\/\/photographermarbellagala.com\/#website","url":"https:\/\/photographermarbellagala.com\/","name":"Photographer Marbella Gala - Costa del Sol, Malaga Photography","description":"Professional Photographer in Marbella, Malaga - Costa del Sol \ud83d\udcf8 Book you dream photo shoot by Gala Photography. Family, Wedding photographer","publisher":{"@id":"https:\/\/photographermarbellagala.com\/#organization"},"alternateName":"Photographer Marbella Gala - Costa del Sol, Malaga Photography","potentialAction":[{"@type":"SearchAction","target":{"@type":"EntryPoint","urlTemplate":"https:\/\/photographermarbellagala.com\/?s={search_term_string}"},"query-input":{"@type":"PropertyValueSpecification","valueRequired":true,"valueName":"search_term_string"}}],"inLanguage":"es-ES"},{"@type":"Organization","@id":"https:\/\/photographermarbellagala.com\/#organization","name":"Photographer Marbella Gala - Costa del Sol, Malaga Photography","url":"https:\/\/photographermarbellagala.com\/","logo":{"@type":"ImageObject","inLanguage":"es-ES","@id":"https:\/\/photographermarbellagala.com\/#\/schema\/logo\/image\/","url":"https:\/\/photographermarbellagala.com\/wp-content\/uploads\/2026\/03\/marbella-photographer.png","contentUrl":"https:\/\/photographermarbellagala.com\/wp-content\/uploads\/2026\/03\/marbella-photographer.png","width":1536,"height":1024,"caption":"Photographer Marbella Gala - Costa del Sol, Malaga Photography"},"image":{"@id":"https:\/\/photographermarbellagala.com\/#\/schema\/logo\/image\/"}},{"@type":"Person","@id":"https:\/\/photographermarbellagala.com\/#\/schema\/person\/f7f4512fe5e8fda3ac32e4f0ad7fbf06","name":"admin_site","image":{"@type":"ImageObject","inLanguage":"es-ES","@id":"https:\/\/secure.gravatar.com\/avatar\/8c0dcdde78856608530c224f284b2cd36702cd46470cb7428674cbc723ed731b?s=96&d=mm&r=g","url":"https:\/\/secure.gravatar.com\/avatar\/8c0dcdde78856608530c224f284b2cd36702cd46470cb7428674cbc723ed731b?s=96&d=mm&r=g","contentUrl":"https:\/\/secure.gravatar.com\/avatar\/8c0dcdde78856608530c224f284b2cd36702cd46470cb7428674cbc723ed731b?s=96&d=mm&r=g","caption":"admin_site"},"url":"https:\/\/photographermarbellagala.com\/es\/author\/admin_site\/"}]}},"_links":{"self":[{"href":"https:\/\/photographermarbellagala.com\/es\/wp-json\/wp\/v2\/posts\/442","targetHints":{"allow":["GET"]}}],"collection":[{"href":"https:\/\/photographermarbellagala.com\/es\/wp-json\/wp\/v2\/posts"}],"about":[{"href":"https:\/\/photographermarbellagala.com\/es\/wp-json\/wp\/v2\/types\/post"}],"author":[{"embeddable":true,"href":"https:\/\/photographermarbellagala.com\/es\/wp-json\/wp\/v2\/users\/2"}],"replies":[{"embeddable":true,"href":"https:\/\/photographermarbellagala.com\/es\/wp-json\/wp\/v2\/comments?post=442"}],"version-history":[{"count":8,"href":"https:\/\/photographermarbellagala.com\/es\/wp-json\/wp\/v2\/posts\/442\/revisions"}],"predecessor-version":[{"id":790,"href":"https:\/\/photographermarbellagala.com\/es\/wp-json\/wp\/v2\/posts\/442\/revisions\/790"}],"wp:attachment":[{"href":"https:\/\/photographermarbellagala.com\/es\/wp-json\/wp\/v2\/media?parent=442"}],"wp:term":[{"taxonomy":"category","embeddable":true,"href":"https:\/\/photographermarbellagala.com\/es\/wp-json\/wp\/v2\/categories?post=442"},{"taxonomy":"post_tag","embeddable":true,"href":"https:\/\/photographermarbellagala.com\/es\/wp-json\/wp\/v2\/tags?post=442"}],"curies":[{"name":"wp","href":"https:\/\/api.w.org\/{rel}","templated":true}]}}